{"id":3138,"date":"2026-09-01T00:00:00","date_gmt":"2026-08-31T22:00:00","guid":{"rendered":"https:\/\/pele.de\/?p=3138"},"modified":"2026-08-31T10:11:36","modified_gmt":"2026-08-31T08:11:36","slug":"die-arbeitswelt-wird-flexibler-digitaler-und-individueller","status":"publish","type":"post","link":"https:\/\/pele.de\/du\/blog\/die-arbeitswelt-wird-flexibler-digitaler-und-individueller\/","title":{"rendered":"Zukunft der Arbeit: Wie flexible Arbeitsmodelle den Arbeitsmarkt revolutionieren"},"content":{"rendered":"<style type=\"text\/css\" data-created_by=\"avia_inline_auto\" id=\"style-css-av-lz817knb-7eb75ec3b48af1e803897fa182d32868\">\n.avia-section.av-lz817knb-7eb75ec3b48af1e803897fa182d32868 .av-parallax .av-parallax-inner{\nbackground-repeat:no-repeat;\nbackground-image:url(https:\/\/pele.de\/wp-content\/uploads\/2026\/09\/pele-blog-2026-09-zukunft-der-arbeit-flexible-arbeitsmodelle-zeitarbeit.jpg);\nbackground-position:50% 100%;\nbackground-attachment:scroll;\n}\n.avia-section.av-lz817knb-7eb75ec3b48af1e803897fa182d32868 .av-section-color-overlay{\nopacity:0.7;\nbackground-color:#ffffff;\n}\n<\/style>\n<div id='job-highlights'  class='avia-section av-lz817knb-7eb75ec3b48af1e803897fa182d32868 main_color avia-section-default avia-no-border-styling  avia-builder-el-0  el_before_av_post_metadata  avia-builder-el-first  vhplus300px avia-full-stretch av-parallax-section avia-bg-style-parallax av-section-color-overlay-active av-minimum-height av-minimum-height-50 av-height-50  container_wrap fullsize'  data-section-bg-repeat='stretch' data-av_minimum_height_pc='50' data-av_min_height_opt='50'><div class='av-parallax' data-avia-parallax-ratio='0.3' ><div class='av-parallax-inner main_color avia-full-stretch'><\/div><\/div><div class=\"av-section-color-overlay-wrap\"><div class=\"av-section-color-overlay\"><\/div><div class='container av-section-cont-open' ><main  role=\"main\" itemprop=\"mainContentOfPage\"  class='template-page content  av-content-full alpha units'><div class='post-entry post-entry-type-page post-entry-3138'><div class='entry-content-wrapper clearfix'>\n<section  class='av_textblock_section av-mhas3lq4-9ae9cc9c0b8636a56d6db3e71fc323cd'   itemscope=\"itemscope\" itemtype=\"https:\/\/schema.org\/BlogPosting\" itemprop=\"blogPost\" ><div class='avia_textblock'  itemprop=\"text\" ><h1><strong>Zukunft der Arbeit: Wie flexible Arbeitsmodelle den Arbeitsmarkt revolutionieren<\/strong><\/h1>\n<\/div><\/section>\n<\/div><\/div><\/main><!-- close content main element --><\/div><\/div><\/div><div id='after_section_1'  class='main_color av_default_container_wrap container_wrap fullsize'  ><div class='container av-section-cont-open' ><div class='template-page content  av-content-full alpha units'><div class='post-entry post-entry-type-page post-entry-3138'><div class='entry-content-wrapper clearfix'><div  class='av-post-metadata-container av-m0jynx3j-b09af6a3a92c0b248452ae6c54f41732 av-metadata-container-align-left  avia-builder-el-2  el_after_av_section  el_before_av_one_full  avia-builder-el-first  mb-60 av-metadata-container-1'><div class='av-post-metadata-container-inner'><span class=\"av-post-metadata-content av-post-metadata-meta-content\"><span class=\"av-post-metadata-content av-post-metadata-published\"><span class=\"av-post-metadata-published-date\" >1. September 2026<\/span><\/span><span class=\"av-post-metadata-content av-post-metadata-separator\">\/<\/span><span class=\"av-post-metadata-content av-post-metadata-category\"><span class=\"av-metadata-before av-metadata-before-categories\">in<\/span><span class=\"av-post-metadata-category-link\" ><a href=\"https:\/\/pele.de\/du\/blog\/category\/pele\/\" >PELE<\/a><\/span>, <span class=\"av-post-metadata-category-link\" ><a href=\"https:\/\/pele.de\/du\/blog\/category\/wissenswertes\/\" >Wissenswertes<\/a><\/span><\/span><\/span><\/div><\/div><\/p>\n<div  class='flex_column av-1xxzt-ac531bc13d4f0c34bc98c8cb84f5f129 av_one_full  avia-builder-el-3  el_after_av_post_metadata  el_before_av_social_share  first flex_column_div'     ><section  class='av_textblock_section av-ml0llh9p-64404608216b08716805e78047cdba36'   itemscope=\"itemscope\" itemtype=\"https:\/\/schema.org\/BlogPosting\" itemprop=\"blogPost\" ><div class='avia_textblock'  itemprop=\"text\" ><p class=\"p1\">Der Arbeitsmarkt befindet sich in einem der dynamischsten Umbr\u00fcche der j\u00fcngeren Wirtschaftsgeschichte. Unter dem Megatrend \u201eNew Work\u201c ver\u00e4ndern sich nicht nur die Anspr\u00fcche von Arbeitnehmern, sondern auch die Anforderungen an Unternehmen fundamental. Die Zukunft der Arbeit fordert Agilit\u00e4t, digitale Prozesse und maximale Anpassungsf\u00e4higkeit.<\/p>\n<p class=\"p1\">F\u00fcr Unternehmen wie auch f\u00fcr Jobsuchende stellt sich die Frage: Wie reagiert man erfolgreich auf diesen Wandel? Ein starker und erfahrener Partner wie die Pele Personaldienstleistungen GmbH &amp; Co. KG bietet hierbei die entscheidende Orientierung und ma\u00dfgeschneiderte L\u00f6sungen.<\/p>\n<h3><span class=\"s1\"><b>Flexibilit\u00e4t als neue W\u00e4hrung auf dem Arbeitsmarkt<\/b><\/span><\/h3>\n<p class=\"p1\">Starre 9-to-5-Strukturen geh\u00f6ren in vielen Branchen der Vergangenheit an. Arbeitnehmer fordern heute Flexibilit\u00e4t \u2013 sei es durch Homeoffice, hybride Modelle oder flexible Arbeitszeiten.<\/p>\n<p class=\"p1\">Laut aktuellen Erhebungen des Statistischen Bundesamtes (Destatis) und Studien f\u00fchrender Wirtschaftsinstitute w\u00fcnschen sich \u00fcber 70 % der Besch\u00e4ftigten in Deutschland flexiblere Arbeitszeitmodelle. Unternehmen, die diese Flexibilit\u00e4t nicht bieten k\u00f6nnen, geraten im harten \u201eWar for Talents\u201c schnell ins Hintertreffen.<\/p>\n<p class=\"p1\">Gleichzeitig m\u00fcssen Betriebe auf wirtschaftliche Schwankungen und volatile M\u00e4rkte reagieren k\u00f6nnen. Die Pele Personaldienstleistungen GmbH &amp; Co. KG schlie\u00dft genau diese L\u00fccke: Sie unterst\u00fctzt Unternehmen dabei, flexibel auf Personalengp\u00e4sse zu reagieren, w\u00e4hrend sie Bewerbern moderne Arbeitspl\u00e4tze mit hoher Flexibilit\u00e4t vermittelt.<\/p>\n<h3><span class=\"s1\"><b>Der Fachkr\u00e4ftemangel als Treiber von New Work<\/b><\/span><\/h3>\n<p class=\"p1\">Der demografische Wandel hinterl\u00e4sst deutliche Spuren. Das Institut f\u00fcr Arbeitsmarkt- und Berufsforschung (IAB) prognostiziert, dass dem deutschen Arbeitsmarkt bis zum Jahr 2035 rein demografisch mehrere Millionen Arbeitskr\u00e4fte verloren gehen k\u00f6nnten, wenn nicht gegengesteuert wird. Bereits heute klagen laut dem DIHK-Fachkr\u00e4fteradar mehr als f\u00fcnfzig Prozent der Unternehmen \u00fcber erhebliche Probleme bei der Besetzung offener Stellen.<\/p>\n<p class=\"p1\">In einer solchen Marktphase wird strategisches Recruiting \u00fcber externe Spezialisten \u00fcberlebenswichtig. Die Pele Personaldienstleistungen GmbH &amp; Co. KG nutzt moderne und KI-gest\u00fctzte Recruiting-Prozesse, um qualifizierte Fachkr\u00e4fte und motivierte Helfer direkt dorthin zu vermitteln, wo sie am dringendsten gebraucht werden. Durch passgenaue Arbeitnehmer\u00fcberlassung und zielgerichtetes Personal Outsourcing sichert Pele die Wettbewerbsf\u00e4higkeit von Betrieben in Industrie, Handwerk und dem Dienstleistungssektor.<\/p>\n<h3><span class=\"s1\"><b>Zeitarbeit und HR-Dienstleistungen: Das Sicherheitsnetz der Zukunft<\/b><\/span><\/h3>\n<p class=\"p1\">Entgegen alten Vorurteilen hat sich die moderne Zeitarbeit zu einem echten Karrieresprungbrett und strategischen Flexibilisierungswerkzeug entwickelt. Durch verbindliche Branchenzuschl\u00e4ge und die Einf\u00fchrung attraktiver Mindestl\u00f6hne in der Zeitarbeit bietet das Modell faire und absolut wettbewerbsf\u00e4hige Bedingungen.<\/p>\n<p class=\"p3\">F\u00fcr Bewerberinnen und Bewerber bedeutet die Zusammenarbeit mit der Pele Personaldienstleistungen GmbH &amp; Co. KG:<\/p>\n<ul>\n<li><span class=\"s1\"><b>Vielfalt:<\/b><\/span> Einblick in unterschiedliche Top-Unternehmen und Branchen mit nur einer Bewerbung.<\/li>\n<li><span class=\"s1\"><b>Sicherheit:<\/b><\/span> Eine feste Anstellung mit voller sozialer und tariflicher Absicherung nach den aktuellen GVP-Tarifvertr\u00e4gen.<\/li>\n<li><span class=\"s1\"><b>Karrierechance:<\/b><\/span> Die reale Option auf eine sp\u00e4tere \u00dcbernahme im Kundenunternehmen (\u201eTemp-to-Perm\u201c).<\/li>\n<\/ul>\n<h3><span class=\"s1\"><b>Fazit: Die Zukunft aktiv gestalten<\/b><\/span><\/h3>\n<p class=\"p1\">Die Zukunft der Arbeit ist flexibel, digital und partnerschaftlich. Unternehmen ben\u00f6tigen effiziente Personall\u00f6sungen ohne b\u00fcrokratischen Overhead, w\u00e4hrend Arbeitnehmer nach Jobs suchen, die zu ihren individuellen Lebensphasen passen.<\/p>\n<p class=\"p1\">Ob Du als Unternehmen personelle Engp\u00e4sse \u00fcberbr\u00fccken willst oder als Bewerber den n\u00e4chsten Karriereschritt planst: Die Pele Personaldienstleistungen GmbH &amp; Co. KG ist Dein vorausschauender Begleiter auf dem Arbeitsmarkt von morgen.<\/p>\n<p class=\"p1\">M\u00f6chtest Du Deine berufliche Zukunft oder Dein Personalmanagement zukunftssicher aufstellen?<\/p>\n<p class=\"p4\">Nehmen Sie jetzt direkt <a href=\"https:\/\/pele.de\/du\/kontakt\/\">Kontakt<\/a> zu den Experten von Pele Personal in Augsburg auf und lassen Sie sich unverbindlich beraten!<\/p>\n<\/div><\/section><\/div><div  class='av-social-sharing-box av-2x2ewv-a498d01a025b3e1ddc4f2bec05a5c5d4 av-social-sharing-box-icon-simple  avia-builder-el-5  el_after_av_one_full  el_before_av_hr  av-social-sharing-box-same-width av-social-sharing-center'><div class=\"av-share-box\"><h5 class='av-share-link-description av-no-toc'>Beitrag teilen<\/h5><ul class=\"av-share-box-list noLightbox\"><li class='av-share-link av-social-link-facebook avia_social_iconfont' ><a target=\"_blank\" aria-label=\"Share on Facebook\" href='https:\/\/www.facebook.com\/sharer.php?u=https:\/\/pele.de\/du\/blog\/die-arbeitswelt-wird-flexibler-digitaler-und-individueller\/&#038;t=Zukunft%20der%20Arbeit%3A%20Wie%20flexible%20Arbeitsmodelle%20den%20Arbeitsmarkt%20revolutionieren' data-av_icon='\ue8f3' data-av_iconfont='entypo-fontello'  title='' data-avia-related-tooltip='Share on Facebook'><span class='avia_hidden_link_text'>Share on Facebook<\/span><\/a><\/li><li class='av-share-link av-social-link-twitter avia_social_iconfont' ><a target=\"_blank\" aria-label=\"Share on X\" href='https:\/\/twitter.com\/share?text=Zukunft%20der%20Arbeit%3A%20Wie%20flexible%20Arbeitsmodelle%20den%20Arbeitsmarkt%20revolutionieren&#038;url=https:\/\/pele.de\/du\/?p=3138' data-av_icon='\ue932' data-av_iconfont='entypo-fontello'  title='' data-avia-related-tooltip='Share on X'><span class='avia_hidden_link_text'>Share on X<\/span><\/a><\/li><li class='av-share-link av-social-link-linkedin avia_social_iconfont' ><a target=\"_blank\" aria-label=\"Share on LinkedIn\" href='https:\/\/linkedin.com\/shareArticle?mini=true&#038;title=Zukunft%20der%20Arbeit%3A%20Wie%20flexible%20Arbeitsmodelle%20den%20Arbeitsmarkt%20revolutionieren&#038;url=https:\/\/pele.de\/du\/blog\/die-arbeitswelt-wird-flexibler-digitaler-und-individueller\/' data-av_icon='\ue8fc' data-av_iconfont='entypo-fontello'  title='' data-avia-related-tooltip='Share on LinkedIn'><span class='avia_hidden_link_text'>Share on LinkedIn<\/span><\/a><\/li><li class='av-share-link av-social-link-mail avia_social_iconfont' ><a  aria-label=\"Share by Mail\" href='mailto:?subject=Zukunft%20der%20Arbeit%3A%20Wie%20flexible%20Arbeitsmodelle%20den%20Arbeitsmarkt%20revolutionieren&#038;body=https:\/\/pele.de\/du\/blog\/die-arbeitswelt-wird-flexibler-digitaler-und-individueller\/' data-av_icon='\ue805' data-av_iconfont='entypo-fontello'  title='' data-avia-related-tooltip='Share by Mail'><span class='avia_hidden_link_text'>Share by Mail<\/span><\/a><\/li><\/ul><\/div><\/div><\/p>\n<div  class='hr av-f3smx-8826e7af67c63d1fbf65b6d7ed6f36ba hr-default  avia-builder-el-6  el_after_av_social_share  el_before_av_one_full'><span class='hr-inner'><span class=\"hr-inner-style\"><\/span><\/span><\/div>\n<div  class='flex_column av-8t6gh-0adfe6ec91dc4762ee5457d8116ef6b4 av_one_full  avia-builder-el-7  el_after_av_hr  avia-builder-el-last  first flex_column_div'     ><article  class='iconbox iconbox_left_content av-lz81c8eq-069fd847742a2a0f5272aa9a50f6bc7a  avia-builder-el-8  avia-builder-el-no-sibling'  itemscope=\"itemscope\" itemtype=\"https:\/\/schema.org\/BlogPosting\" itemprop=\"blogPost\" ><div class='iconbox_icon heading-color avia-iconfont avia-font-entypo-fontello' data-av_icon='\ue836' data-av_iconfont='entypo-fontello'  ><\/div><div class=\"iconbox_content\"><header class=\"entry-content-header\" aria-label=\"Icon: \u00fcber den Autor\"><h3 class='iconbox_content_title'  itemprop=\"headline\" >\u00fcber den Autor<\/h3><\/header><div class='iconbox_content_container'  itemprop=\"text\" ><p><strong>Dominik Edmeier<\/strong><br \/>\nGesch\u00e4ftsf\u00fchrer der PELE in Augsburg<\/p>\n<\/div><\/div><footer class=\"entry-footer\"><\/footer><\/article><\/div>","protected":false},"excerpt":{"rendered":"<p>Die Arbeitswelt wird flexibler, digitaler und individueller. Erfahre, wie New Work, Fachkr\u00e4ftemangel und moderne Zeitarbeit den Arbeitsmarkt ver\u00e4ndern \u2013 und welche Chancen sich daraus f\u00fcr Unternehmen und Bewerber ergeben.<\/p>","protected":false},"author":1,"featured_media":3140,"comment_status":"closed","ping_status":"closed","sticky":false,"template":"","format":"standard","meta":{"inline_featured_image":false,"footnotes":""},"categories":[24,26],"tags":[],"class_list":["post-3138","post","type-post","status-publish","format-standard","has-post-thumbnail","hentry","category-pele","category-wissenswertes"],"yoast_head":"<!-- This site is optimized with the Yoast SEO plugin v28.4 - https:\/\/yoast.com\/product\/yoast-seo-wordpress\/ -->\n<title>Blog - Die Arbeitswelt wird flexibler, digitaler und individueller. - PELE Personaldienstleistung in Augsburg<\/title>\n<meta name=\"description\" content=\"Zukunft der Arbeit: Erfahren Sie, wie flexible Arbeitsmodelle, New Work und Zeitarbeit den Arbeitsmarkt ver\u00e4ndern und neue Chancen schaffen.\" \/>\n<meta name=\"robots\" content=\"index, follow, max-snippet:-1, max-image-preview:large, max-video-preview:-1\" \/>\n<link rel=\"canonical\" href=\"https:\/\/pele.de\/du\/blog\/die-arbeitswelt-wird-flexibler-digitaler-und-individueller\/\" \/>\n<meta property=\"og:locale\" content=\"de_DE\" \/>\n<meta property=\"og:type\" content=\"article\" \/>\n<meta property=\"og:title\" content=\"Blog - Die Arbeitswelt wird flexibler, digitaler und individueller. - PELE Personaldienstleistung in Augsburg\" \/>\n<meta property=\"og:description\" content=\"Zukunft der Arbeit: Erfahren Sie, wie flexible Arbeitsmodelle, New Work und Zeitarbeit den Arbeitsmarkt ver\u00e4ndern und neue Chancen schaffen.\" \/>\n<meta property=\"og:url\" content=\"https:\/\/pele.de\/du\/blog\/die-arbeitswelt-wird-flexibler-digitaler-und-individueller\/\" \/>\n<meta property=\"og:site_name\" content=\"Personaldienstleistung in Augsburg\" \/>\n<meta property=\"article:published_time\" content=\"2026-08-31T22:00:00+00:00\" \/>\n<meta property=\"og:image\" content=\"https:\/\/pele.de\/wp-content\/uploads\/2026\/09\/pele-blog-2026-09-zukunft-der-arbeit-flexible-arbeitsmodelle-zeitarbeit.jpg\" \/>\n\t<meta property=\"og:image:width\" content=\"1800\" \/>\n\t<meta property=\"og:image:height\" content=\"1200\" \/>\n\t<meta property=\"og:image:type\" content=\"image\/jpeg\" \/>\n<meta name=\"author\" content=\"admin\" \/>\n<meta name=\"twitter:card\" content=\"summary_large_image\" \/>\n<meta name=\"twitter:label1\" content=\"Written by\" \/>\n\t<meta name=\"twitter:data1\" content=\"admin\" \/>\n\t<meta name=\"twitter:label2\" content=\"Est. reading time\" \/>\n\t<meta name=\"twitter:data2\" content=\"3 minutes\" \/>\n<script type=\"application\/ld+json\" class=\"yoast-schema-graph\">{\"@context\":\"https:\\\/\\\/schema.org\",\"@graph\":[{\"@type\":\"Article\",\"@id\":\"https:\\\/\\\/pele.de\\\/blog\\\/die-arbeitswelt-wird-flexibler-digitaler-und-individueller\\\/#article\",\"isPartOf\":{\"@id\":\"https:\\\/\\\/pele.de\\\/blog\\\/die-arbeitswelt-wird-flexibler-digitaler-und-individueller\\\/\"},\"author\":{\"name\":\"admin\",\"@id\":\"https:\\\/\\\/pele.de\\\/#\\\/schema\\\/person\\\/721b089956076431d4356ad30375a2c3\"},\"headline\":\"Zukunft der Arbeit: Wie flexible Arbeitsmodelle den Arbeitsmarkt revolutionieren\",\"datePublished\":\"2026-08-31T22:00:00+00:00\",\"mainEntityOfPage\":{\"@id\":\"https:\\\/\\\/pele.de\\\/blog\\\/die-arbeitswelt-wird-flexibler-digitaler-und-individueller\\\/\"},\"wordCount\":2071,\"publisher\":{\"@id\":\"https:\\\/\\\/pele.de\\\/#organization\"},\"image\":{\"@id\":\"https:\\\/\\\/pele.de\\\/blog\\\/die-arbeitswelt-wird-flexibler-digitaler-und-individueller\\\/#primaryimage\"},\"thumbnailUrl\":\"https:\\\/\\\/pele.de\\\/wp-content\\\/uploads\\\/2026\\\/09\\\/pele-blog-2026-09-zukunft-der-arbeit-flexible-arbeitsmodelle-zeitarbeit.jpg\",\"articleSection\":[\"PELE\",\"Wissenswertes\"],\"inLanguage\":\"de-Du\"},{\"@type\":\"WebPage\",\"@id\":\"https:\\\/\\\/pele.de\\\/blog\\\/die-arbeitswelt-wird-flexibler-digitaler-und-individueller\\\/\",\"url\":\"https:\\\/\\\/pele.de\\\/blog\\\/die-arbeitswelt-wird-flexibler-digitaler-und-individueller\\\/\",\"name\":\"Blog - Die Arbeitswelt wird flexibler, digitaler und individueller. - PELE Personaldienstleistung in Augsburg\",\"isPartOf\":{\"@id\":\"https:\\\/\\\/pele.de\\\/#website\"},\"primaryImageOfPage\":{\"@id\":\"https:\\\/\\\/pele.de\\\/blog\\\/die-arbeitswelt-wird-flexibler-digitaler-und-individueller\\\/#primaryimage\"},\"image\":{\"@id\":\"https:\\\/\\\/pele.de\\\/blog\\\/die-arbeitswelt-wird-flexibler-digitaler-und-individueller\\\/#primaryimage\"},\"thumbnailUrl\":\"https:\\\/\\\/pele.de\\\/wp-content\\\/uploads\\\/2026\\\/09\\\/pele-blog-2026-09-zukunft-der-arbeit-flexible-arbeitsmodelle-zeitarbeit.jpg\",\"datePublished\":\"2026-08-31T22:00:00+00:00\",\"description\":\"Zukunft der Arbeit: Erfahren Sie, wie flexible Arbeitsmodelle, New Work und Zeitarbeit den Arbeitsmarkt ver\u00e4ndern und neue Chancen schaffen.\",\"breadcrumb\":{\"@id\":\"https:\\\/\\\/pele.de\\\/blog\\\/die-arbeitswelt-wird-flexibler-digitaler-und-individueller\\\/#breadcrumb\"},\"inLanguage\":\"de-Du\",\"potentialAction\":[{\"@type\":\"ReadAction\",\"target\":[\"https:\\\/\\\/pele.de\\\/blog\\\/die-arbeitswelt-wird-flexibler-digitaler-und-individueller\\\/\"]}]},{\"@type\":\"ImageObject\",\"inLanguage\":\"de-Du\",\"@id\":\"https:\\\/\\\/pele.de\\\/blog\\\/die-arbeitswelt-wird-flexibler-digitaler-und-individueller\\\/#primaryimage\",\"url\":\"https:\\\/\\\/pele.de\\\/wp-content\\\/uploads\\\/2026\\\/09\\\/pele-blog-2026-09-zukunft-der-arbeit-flexible-arbeitsmodelle-zeitarbeit.jpg\",\"contentUrl\":\"https:\\\/\\\/pele.de\\\/wp-content\\\/uploads\\\/2026\\\/09\\\/pele-blog-2026-09-zukunft-der-arbeit-flexible-arbeitsmodelle-zeitarbeit.jpg\",\"width\":1800,\"height\":1200},{\"@type\":\"BreadcrumbList\",\"@id\":\"https:\\\/\\\/pele.de\\\/blog\\\/die-arbeitswelt-wird-flexibler-digitaler-und-individueller\\\/#breadcrumb\",\"itemListElement\":[{\"@type\":\"ListItem\",\"position\":1,\"name\":\"Startseite\",\"item\":\"https:\\\/\\\/pele.de\\\/startseite\\\/\"},{\"@type\":\"ListItem\",\"position\":2,\"name\":\"Zukunft der Arbeit: Wie flexible Arbeitsmodelle den Arbeitsmarkt revolutionieren\"}]},{\"@type\":\"WebSite\",\"@id\":\"https:\\\/\\\/pele.de\\\/#website\",\"url\":\"https:\\\/\\\/pele.de\\\/\",\"name\":\"Personaldienstleistung in Augsburg\",\"description\":\"Personaldienstleistung in Augsburg\",\"publisher\":{\"@id\":\"https:\\\/\\\/pele.de\\\/#organization\"},\"potentialAction\":[{\"@type\":\"SearchAction\",\"target\":{\"@type\":\"EntryPoint\",\"urlTemplate\":\"https:\\\/\\\/pele.de\\\/?s={search_term_string}\"},\"query-input\":{\"@type\":\"PropertyValueSpecification\",\"valueRequired\":true,\"valueName\":\"search_term_string\"}}],\"inLanguage\":\"de-Du\"},{\"@type\":\"Organization\",\"@id\":\"https:\\\/\\\/pele.de\\\/#organization\",\"name\":\"PELE - Personaldienstleistung\",\"url\":\"https:\\\/\\\/pele.de\\\/\",\"logo\":{\"@type\":\"ImageObject\",\"inLanguage\":\"de-Du\",\"@id\":\"https:\\\/\\\/pele.de\\\/#\\\/schema\\\/logo\\\/image\\\/\",\"url\":\"http:\\\/\\\/pele.de\\\/wp-content\\\/uploads\\\/2021\\\/08\\\/logo-pele.svg\",\"contentUrl\":\"http:\\\/\\\/pele.de\\\/wp-content\\\/uploads\\\/2021\\\/08\\\/logo-pele.svg\",\"width\":89,\"height\":80,\"caption\":\"PELE - Personaldienstleistung\"},\"image\":{\"@id\":\"https:\\\/\\\/pele.de\\\/#\\\/schema\\\/logo\\\/image\\\/\"}},{\"@type\":\"Person\",\"@id\":\"https:\\\/\\\/pele.de\\\/#\\\/schema\\\/person\\\/721b089956076431d4356ad30375a2c3\",\"name\":\"admin\",\"image\":{\"@type\":\"ImageObject\",\"inLanguage\":\"de-Du\",\"@id\":\"https:\\\/\\\/secure.gravatar.com\\\/avatar\\\/518a6cc41303612c7f2523e7a20f0253a3729868ad5e788d0bd38ddc3cf52d47?s=96&d=mm&r=g\",\"url\":\"https:\\\/\\\/secure.gravatar.com\\\/avatar\\\/518a6cc41303612c7f2523e7a20f0253a3729868ad5e788d0bd38ddc3cf52d47?s=96&d=mm&r=g\",\"contentUrl\":\"https:\\\/\\\/secure.gravatar.com\\\/avatar\\\/518a6cc41303612c7f2523e7a20f0253a3729868ad5e788d0bd38ddc3cf52d47?s=96&d=mm&r=g\",\"caption\":\"admin\"},\"sameAs\":[\"http:\\\/\\\/pele.de\"],\"url\":\"https:\\\/\\\/pele.de\\\/du\\\/blog\\\/author\\\/admin\\\/\"}]}<\/script>\n<!-- \/ Yoast SEO plugin. -->","yoast_head_json":{"title":"Blog - Die Arbeitswelt wird flexibler, digitaler und individueller. - PELE Personaldienstleistung in Augsburg","description":"Zukunft der Arbeit: Erfahren Sie, wie flexible Arbeitsmodelle, New Work und Zeitarbeit den Arbeitsmarkt ver\u00e4ndern und neue Chancen schaffen.","robots":{"index":"index","follow":"follow","max-snippet":"max-snippet:-1","max-image-preview":"max-image-preview:large","max-video-preview":"max-video-preview:-1"},"canonical":"https:\/\/pele.de\/du\/blog\/die-arbeitswelt-wird-flexibler-digitaler-und-individueller\/","og_locale":"de_DE","og_type":"article","og_title":"Blog - Die Arbeitswelt wird flexibler, digitaler und individueller. - PELE Personaldienstleistung in Augsburg","og_description":"Zukunft der Arbeit: Erfahren Sie, wie flexible Arbeitsmodelle, New Work und Zeitarbeit den Arbeitsmarkt ver\u00e4ndern und neue Chancen schaffen.","og_url":"https:\/\/pele.de\/du\/blog\/die-arbeitswelt-wird-flexibler-digitaler-und-individueller\/","og_site_name":"Personaldienstleistung in Augsburg","article_published_time":"2026-08-31T22:00:00+00:00","og_image":[{"width":1800,"height":1200,"url":"https:\/\/pele.de\/wp-content\/uploads\/2026\/09\/pele-blog-2026-09-zukunft-der-arbeit-flexible-arbeitsmodelle-zeitarbeit.jpg","type":"image\/jpeg"}],"author":"admin","twitter_card":"summary_large_image","twitter_misc":{"Written by":"admin","Est. reading time":"3 minutes"},"schema":{"@context":"https:\/\/schema.org","@graph":[{"@type":"Article","@id":"https:\/\/pele.de\/blog\/die-arbeitswelt-wird-flexibler-digitaler-und-individueller\/#article","isPartOf":{"@id":"https:\/\/pele.de\/blog\/die-arbeitswelt-wird-flexibler-digitaler-und-individueller\/"},"author":{"name":"admin","@id":"https:\/\/pele.de\/#\/schema\/person\/721b089956076431d4356ad30375a2c3"},"headline":"Zukunft der Arbeit: Wie flexible Arbeitsmodelle den Arbeitsmarkt revolutionieren","datePublished":"2026-08-31T22:00:00+00:00","mainEntityOfPage":{"@id":"https:\/\/pele.de\/blog\/die-arbeitswelt-wird-flexibler-digitaler-und-individueller\/"},"wordCount":2071,"publisher":{"@id":"https:\/\/pele.de\/#organization"},"image":{"@id":"https:\/\/pele.de\/blog\/die-arbeitswelt-wird-flexibler-digitaler-und-individueller\/#primaryimage"},"thumbnailUrl":"https:\/\/pele.de\/wp-content\/uploads\/2026\/09\/pele-blog-2026-09-zukunft-der-arbeit-flexible-arbeitsmodelle-zeitarbeit.jpg","articleSection":["PELE","Wissenswertes"],"inLanguage":"de-Du"},{"@type":"WebPage","@id":"https:\/\/pele.de\/blog\/die-arbeitswelt-wird-flexibler-digitaler-und-individueller\/","url":"https:\/\/pele.de\/blog\/die-arbeitswelt-wird-flexibler-digitaler-und-individueller\/","name":"Blog - Die Arbeitswelt wird flexibler, digitaler und individueller. - PELE Personaldienstleistung in Augsburg","isPartOf":{"@id":"https:\/\/pele.de\/#website"},"primaryImageOfPage":{"@id":"https:\/\/pele.de\/blog\/die-arbeitswelt-wird-flexibler-digitaler-und-individueller\/#primaryimage"},"image":{"@id":"https:\/\/pele.de\/blog\/die-arbeitswelt-wird-flexibler-digitaler-und-individueller\/#primaryimage"},"thumbnailUrl":"https:\/\/pele.de\/wp-content\/uploads\/2026\/09\/pele-blog-2026-09-zukunft-der-arbeit-flexible-arbeitsmodelle-zeitarbeit.jpg","datePublished":"2026-08-31T22:00:00+00:00","description":"Zukunft der Arbeit: Erfahren Sie, wie flexible Arbeitsmodelle, New Work und Zeitarbeit den Arbeitsmarkt ver\u00e4ndern und neue Chancen schaffen.","breadcrumb":{"@id":"https:\/\/pele.de\/blog\/die-arbeitswelt-wird-flexibler-digitaler-und-individueller\/#breadcrumb"},"inLanguage":"de-Du","potentialAction":[{"@type":"ReadAction","target":["https:\/\/pele.de\/blog\/die-arbeitswelt-wird-flexibler-digitaler-und-individueller\/"]}]},{"@type":"ImageObject","inLanguage":"de-Du","@id":"https:\/\/pele.de\/blog\/die-arbeitswelt-wird-flexibler-digitaler-und-individueller\/#primaryimage","url":"https:\/\/pele.de\/wp-content\/uploads\/2026\/09\/pele-blog-2026-09-zukunft-der-arbeit-flexible-arbeitsmodelle-zeitarbeit.jpg","contentUrl":"https:\/\/pele.de\/wp-content\/uploads\/2026\/09\/pele-blog-2026-09-zukunft-der-arbeit-flexible-arbeitsmodelle-zeitarbeit.jpg","width":1800,"height":1200},{"@type":"BreadcrumbList","@id":"https:\/\/pele.de\/blog\/die-arbeitswelt-wird-flexibler-digitaler-und-individueller\/#breadcrumb","itemListElement":[{"@type":"ListItem","position":1,"name":"Startseite","item":"https:\/\/pele.de\/startseite\/"},{"@type":"ListItem","position":2,"name":"Zukunft der Arbeit: Wie flexible Arbeitsmodelle den Arbeitsmarkt revolutionieren"}]},{"@type":"WebSite","@id":"https:\/\/pele.de\/#website","url":"https:\/\/pele.de\/","name":"Personaldienstleistung in Augsburg","description":"Personaldienstleistung in Augsburg","publisher":{"@id":"https:\/\/pele.de\/#organization"},"potentialAction":[{"@type":"SearchAction","target":{"@type":"EntryPoint","urlTemplate":"https:\/\/pele.de\/?s={search_term_string}"},"query-input":{"@type":"PropertyValueSpecification","valueRequired":true,"valueName":"search_term_string"}}],"inLanguage":"de-Du"},{"@type":"Organization","@id":"https:\/\/pele.de\/#organization","name":"PELE - Personaldienstleistung","url":"https:\/\/pele.de\/","logo":{"@type":"ImageObject","inLanguage":"de-Du","@id":"https:\/\/pele.de\/#\/schema\/logo\/image\/","url":"http:\/\/pele.de\/wp-content\/uploads\/2021\/08\/logo-pele.svg","contentUrl":"http:\/\/pele.de\/wp-content\/uploads\/2021\/08\/logo-pele.svg","width":89,"height":80,"caption":"PELE - Personaldienstleistung"},"image":{"@id":"https:\/\/pele.de\/#\/schema\/logo\/image\/"}},{"@type":"Person","@id":"https:\/\/pele.de\/#\/schema\/person\/721b089956076431d4356ad30375a2c3","name":"admin","image":{"@type":"ImageObject","inLanguage":"de-Du","@id":"https:\/\/secure.gravatar.com\/avatar\/518a6cc41303612c7f2523e7a20f0253a3729868ad5e788d0bd38ddc3cf52d47?s=96&d=mm&r=g","url":"https:\/\/secure.gravatar.com\/avatar\/518a6cc41303612c7f2523e7a20f0253a3729868ad5e788d0bd38ddc3cf52d47?s=96&d=mm&r=g","contentUrl":"https:\/\/secure.gravatar.com\/avatar\/518a6cc41303612c7f2523e7a20f0253a3729868ad5e788d0bd38ddc3cf52d47?s=96&d=mm&r=g","caption":"admin"},"sameAs":["http:\/\/pele.de"],"url":"https:\/\/pele.de\/du\/blog\/author\/admin\/"}]}},"_links":{"self":[{"href":"https:\/\/pele.de\/du\/wp-json\/wp\/v2\/posts\/3138","targetHints":{"allow":["GET"]}}],"collection":[{"href":"https:\/\/pele.de\/du\/wp-json\/wp\/v2\/posts"}],"about":[{"href":"https:\/\/pele.de\/du\/wp-json\/wp\/v2\/types\/post"}],"author":[{"embeddable":true,"href":"https:\/\/pele.de\/du\/wp-json\/wp\/v2\/users\/1"}],"replies":[{"embeddable":true,"href":"https:\/\/pele.de\/du\/wp-json\/wp\/v2\/comments?post=3138"}],"version-history":[{"count":4,"href":"https:\/\/pele.de\/du\/wp-json\/wp\/v2\/posts\/3138\/revisions"}],"predecessor-version":[{"id":3144,"href":"https:\/\/pele.de\/du\/wp-json\/wp\/v2\/posts\/3138\/revisions\/3144"}],"wp:featuredmedia":[{"embeddable":true,"href":"https:\/\/pele.de\/du\/wp-json\/wp\/v2\/media\/3140"}],"wp:attachment":[{"href":"https:\/\/pele.de\/du\/wp-json\/wp\/v2\/media?parent=3138"}],"wp:term":[{"taxonomy":"category","embeddable":true,"href":"https:\/\/pele.de\/du\/wp-json\/wp\/v2\/categories?post=3138"},{"taxonomy":"post_tag","embeddable":true,"href":"https:\/\/pele.de\/du\/wp-json\/wp\/v2\/tags?post=3138"}],"curies":[{"name":"wp","href":"https:\/\/api.w.org\/{rel}","templated":true}]}}